{"id":7370,"date":"2023-12-12T16:10:41","date_gmt":"2023-12-12T15:10:41","guid":{"rendered":"https:\/\/flexpictureebook.eu\/2023\/12\/12\/14e-conference-internationale-la-qualite-de-lecole-et-lintegration-sociale-organisee-par-le-centre-detudes-erickson-trente-rimini-italie\/"},"modified":"2023-12-14T13:53:05","modified_gmt":"2023-12-14T12:53:05","slug":"14e-conference-internationale-la-qualite-de-lecole-et-lintegration-sociale-organisee-par-le-centre-detudes-erickson-trente-rimini-italie","status":"publish","type":"post","link":"https:\/\/flexpictureebook.eu\/it\/2023\/12\/12\/14e-conference-internationale-la-qualite-de-lecole-et-lintegration-sociale-organisee-par-le-centre-detudes-erickson-trente-rimini-italie\/","title":{"rendered":"14a Conferenza internazionale &#8220;Qualit\u00e0 della scuola e integrazione sociale&#8221;, organizzata dal Centro Studi Erickson (Trento), Rimini (Italia)"},"content":{"rendered":"<p>Giocare e leggere insieme&#8230; nel rispetto delle esigenze specifiche.<br \/>\nLaboratori e libri per e con i bambini.<\/p>\n<p>Foto della presentazione del progetto Flex Picture Ebook: su uno schermo gigante viene proiettata la diapositiva che elenca i 4 Paesi partner del progetto e le 6 organizzazioni: Per l&#8217;Austria, l&#8217;Universit\u00e0 Johannes Kepler (JKU) di Linz; per l&#8217;Italia, la Fondazione Robert Hollman (FRH) di Padova e Cannero Riviera e AbilNova di Trento; per la Francia, l&#8217;Institut des Jeunes Aveugles (IJA) di Tolosa, Ludosens di B\u00e8gles, Les Doigts Qui R\u00eavent (LDQR) di Talant e per la Lituania, il Centro lituano per l&#8217;educazione dei ciechi e degli ipovedenti (LASUC) di Vilnius. Sotto lo schermo c&#8217;\u00e8 un tavolo dietro il quale siedono i quattro relatori: il professor Stefano Salmeri di UniKore, la professoressa Roberta Caldin dell&#8217;Universit\u00e0 di Bologna, la dottoressa Enrica Polato e la dottoressa Maria Eleonora Reffo della Fondazione Robert Hollman.<\/p>\n<p>Roberta Zumiani ed Enrica Polato davanti a un enorme pannello con una grande &#8220;Q&#8221;, simbolo del convegno &#8220;Scuole di qualit\u00e0 e inclusione sociale&#8221;, e tutti i nomi dei partecipanti.<\/p>\n<p>Workshop dal titolo &#8220;Normalit\u00e0 e specialit\u00e0 in dialogo&#8230; Disabilit\u00e0 visiva e azione educativa&#8221;, con Roberta Caldin, Maria Eleonora Reffo, Stefano Salmeri, Enrica Polato.<\/p>\n<p>Per gli operatori: insegnanti, psicologi, logopedisti, assistenti sociali, genitori, ecc.<\/p>\n<p>Palacongressi di Rimini, Via della Fiera, 23, Rimini<\/p>\n","protected":false},"excerpt":{"rendered":"<p>Giocare e leggere insieme&#8230; nel rispetto delle esigenze specifiche. Laboratori e libri per e con i bambini. Foto della presentazione del progetto Flex Picture Ebook: su uno schermo gigante viene proiettata la diapositiva che elenca i 4 Paesi partner del progetto e le 6 organizzazioni: Per l&#8217;Austria, l&#8217;Universit\u00e0 Johannes Kepler (JKU) di Linz; per l&#8217;Italia, [&hellip;]<\/p>\n","protected":false},"author":8,"featured_media":0,"comment_status":"closed","ping_status":"closed","sticky":false,"template":"","format":"standard","meta":{"_acf_changed":false,"footnotes":""},"categories":[13],"tags":[76],"class_list":["post-7370","post","type-post","status-publish","format-standard","hentry","category-non-categorizzato","tag-workshop-2","clearfix"],"acf":[],"yoast_head":"<!-- This site is optimized with the Yoast SEO plugin v27.5 - https:\/\/yoast.com\/product\/yoast-seo-wordpress\/ -->\n<title>14a Conferenza internazionale &quot;Qualit\u00e0 della scuola e integrazione sociale&quot;, organizzata dal Centro Studi Erickson (Trento), Rimini (Italia) - Flex Picture Ebook<\/title>\n<meta name=\"description\" content=\"Depuis plus de 20 ans, le concours international de livres tactiles illustr\u00e9s, Typho&amp;Tactus fait d\u00e9couvrir des maquettes tactiles du monde entier et est un lieu d&#039;\u00e9changes et de partage incroyable. D\u00e9j\u00e0 21 pays participants! Artistes, enseignants, associations, rejoignez-nous !\" \/>\n<meta name=\"robots\" content=\"index, follow, max-snippet:-1, max-image-preview:large, max-video-preview:-1\" \/>\n<link rel=\"canonical\" href=\"https:\/\/flexpictureebook.eu\/it\/2023\/12\/12\/14e-conference-internationale-la-qualite-de-lecole-et-lintegration-sociale-organisee-par-le-centre-detudes-erickson-trente-rimini-italie\/\" \/>\n<meta property=\"og:locale\" content=\"it_IT\" \/>\n<meta property=\"og:type\" content=\"article\" \/>\n<meta property=\"og:title\" content=\"14a Conferenza internazionale &quot;Qualit\u00e0 della scuola e integrazione sociale&quot;, organizzata dal Centro Studi Erickson (Trento), Rimini (Italia) - Flex Picture Ebook\" \/>\n<meta property=\"og:description\" content=\"Depuis plus de 20 ans, le concours international de livres tactiles illustr\u00e9s, Typho&amp;Tactus fait d\u00e9couvrir des maquettes tactiles du monde entier et est un lieu d&#039;\u00e9changes et de partage incroyable. D\u00e9j\u00e0 21 pays participants! Artistes, enseignants, associations, rejoignez-nous !\" \/>\n<meta property=\"og:url\" content=\"https:\/\/flexpictureebook.eu\/it\/2023\/12\/12\/14e-conference-internationale-la-qualite-de-lecole-et-lintegration-sociale-organisee-par-le-centre-detudes-erickson-trente-rimini-italie\/\" \/>\n<meta property=\"og:site_name\" content=\"Flex Picture Ebook\" \/>\n<meta property=\"article:publisher\" content=\"https:\/\/www.facebook.com\/lesdoigtsquirevent\/\" \/>\n<meta property=\"article:published_time\" content=\"2023-12-12T15:10:41+00:00\" \/>\n<meta property=\"article:modified_time\" content=\"2023-12-14T12:53:05+00:00\" \/>\n<meta name=\"author\" content=\"LDQR\" \/>\n<meta name=\"twitter:card\" content=\"summary_large_image\" \/>\n<meta name=\"twitter:creator\" content=\"@EditionsLDQR\" \/>\n<meta name=\"twitter:site\" content=\"@EditionsLDQR\" \/>\n<meta name=\"twitter:label1\" content=\"Scritto da\" \/>\n\t<meta name=\"twitter:data1\" content=\"LDQR\" \/>\n\t<meta name=\"twitter:label2\" content=\"Tempo di lettura stimato\" \/>\n\t<meta name=\"twitter:data2\" content=\"2 minuti\" \/>\n<script type=\"application\/ld+json\" class=\"yoast-schema-graph\">{\"@context\":\"https:\\\/\\\/schema.org\",\"@graph\":[{\"@type\":\"Article\",\"@id\":\"https:\\\/\\\/flexpictureebook.eu\\\/it\\\/2023\\\/12\\\/12\\\/14e-conference-internationale-la-qualite-de-lecole-et-lintegration-sociale-organisee-par-le-centre-detudes-erickson-trente-rimini-italie\\\/#article\",\"isPartOf\":{\"@id\":\"https:\\\/\\\/flexpictureebook.eu\\\/it\\\/2023\\\/12\\\/12\\\/14e-conference-internationale-la-qualite-de-lecole-et-lintegration-sociale-organisee-par-le-centre-detudes-erickson-trente-rimini-italie\\\/\"},\"author\":{\"name\":\"LDQR\",\"@id\":\"https:\\\/\\\/flexpictureebook.eu\\\/#\\\/schema\\\/person\\\/f9251f8cb71ca84bd21480d17a511a29\"},\"headline\":\"14a Conferenza internazionale &#8220;Qualit\u00e0 della scuola e integrazione sociale&#8221;, organizzata dal Centro Studi Erickson (Trento), Rimini (Italia)\",\"datePublished\":\"2023-12-12T15:10:41+00:00\",\"dateModified\":\"2023-12-14T12:53:05+00:00\",\"mainEntityOfPage\":{\"@id\":\"https:\\\/\\\/flexpictureebook.eu\\\/it\\\/2023\\\/12\\\/12\\\/14e-conference-internationale-la-qualite-de-lecole-et-lintegration-sociale-organisee-par-le-centre-detudes-erickson-trente-rimini-italie\\\/\"},\"wordCount\":238,\"publisher\":{\"@id\":\"https:\\\/\\\/flexpictureebook.eu\\\/#organization\"},\"keywords\":[\"Workshop\"],\"articleSection\":[\"Non categorizzato\"],\"inLanguage\":\"it-IT\"},{\"@type\":\"WebPage\",\"@id\":\"https:\\\/\\\/flexpictureebook.eu\\\/it\\\/2023\\\/12\\\/12\\\/14e-conference-internationale-la-qualite-de-lecole-et-lintegration-sociale-organisee-par-le-centre-detudes-erickson-trente-rimini-italie\\\/\",\"url\":\"https:\\\/\\\/flexpictureebook.eu\\\/it\\\/2023\\\/12\\\/12\\\/14e-conference-internationale-la-qualite-de-lecole-et-lintegration-sociale-organisee-par-le-centre-detudes-erickson-trente-rimini-italie\\\/\",\"name\":\"14a Conferenza internazionale \\\"Qualit\u00e0 della scuola e integrazione sociale\\\", organizzata dal Centro Studi Erickson (Trento), Rimini (Italia) - Flex Picture Ebook\",\"isPartOf\":{\"@id\":\"https:\\\/\\\/flexpictureebook.eu\\\/#website\"},\"datePublished\":\"2023-12-12T15:10:41+00:00\",\"dateModified\":\"2023-12-14T12:53:05+00:00\",\"description\":\"Depuis plus de 20 ans, le concours international de livres tactiles illustr\u00e9s, Typho&Tactus fait d\u00e9couvrir des maquettes tactiles du monde entier et est un lieu d'\u00e9changes et de partage incroyable. D\u00e9j\u00e0 21 pays participants! Artistes, enseignants, associations, rejoignez-nous !\",\"breadcrumb\":{\"@id\":\"https:\\\/\\\/flexpictureebook.eu\\\/it\\\/2023\\\/12\\\/12\\\/14e-conference-internationale-la-qualite-de-lecole-et-lintegration-sociale-organisee-par-le-centre-detudes-erickson-trente-rimini-italie\\\/#breadcrumb\"},\"inLanguage\":\"it-IT\",\"potentialAction\":[{\"@type\":\"ReadAction\",\"target\":[\"https:\\\/\\\/flexpictureebook.eu\\\/it\\\/2023\\\/12\\\/12\\\/14e-conference-internationale-la-qualite-de-lecole-et-lintegration-sociale-organisee-par-le-centre-detudes-erickson-trente-rimini-italie\\\/\"]}]},{\"@type\":\"BreadcrumbList\",\"@id\":\"https:\\\/\\\/flexpictureebook.eu\\\/it\\\/2023\\\/12\\\/12\\\/14e-conference-internationale-la-qualite-de-lecole-et-lintegration-sociale-organisee-par-le-centre-detudes-erickson-trente-rimini-italie\\\/#breadcrumb\",\"itemListElement\":[{\"@type\":\"ListItem\",\"position\":1,\"name\":\"Accueil\",\"item\":\"https:\\\/\\\/flexpictureebook.eu\\\/it\\\/\"},{\"@type\":\"ListItem\",\"position\":2,\"name\":\"14a Conferenza internazionale \u00ab\u00a0Qualit\u00e0 della scuola e integrazione sociale\u00a0\u00bb, organizzata dal Centro Studi Erickson (Trento), Rimini (Italia)\"}]},{\"@type\":\"WebSite\",\"@id\":\"https:\\\/\\\/flexpictureebook.eu\\\/#website\",\"url\":\"https:\\\/\\\/flexpictureebook.eu\\\/\",\"name\":\"Flex Picture Ebook\",\"description\":\"Un livre num\u00e9rique pour un apprentissage inclusif\",\"publisher\":{\"@id\":\"https:\\\/\\\/flexpictureebook.eu\\\/#organization\"},\"potentialAction\":[{\"@type\":\"SearchAction\",\"target\":{\"@type\":\"EntryPoint\",\"urlTemplate\":\"https:\\\/\\\/flexpictureebook.eu\\\/?s={search_term_string}\"},\"query-input\":{\"@type\":\"PropertyValueSpecification\",\"valueRequired\":true,\"valueName\":\"search_term_string\"}}],\"inLanguage\":\"it-IT\"},{\"@type\":\"Organization\",\"@id\":\"https:\\\/\\\/flexpictureebook.eu\\\/#organization\",\"name\":\"Flex Picture Ebook\",\"url\":\"https:\\\/\\\/flexpictureebook.eu\\\/\",\"logo\":{\"@type\":\"ImageObject\",\"inLanguage\":\"it-IT\",\"@id\":\"https:\\\/\\\/flexpictureebook.eu\\\/#\\\/schema\\\/logo\\\/image\\\/\",\"url\":\"https:\\\/\\\/flexpictureebook.eu\\\/wp-content\\\/uploads\\\/2023\\\/06\\\/cropped-cropped-logo-ebook-512.png\",\"contentUrl\":\"https:\\\/\\\/flexpictureebook.eu\\\/wp-content\\\/uploads\\\/2023\\\/06\\\/cropped-cropped-logo-ebook-512.png\",\"width\":512,\"height\":282,\"caption\":\"Flex Picture Ebook\"},\"image\":{\"@id\":\"https:\\\/\\\/flexpictureebook.eu\\\/#\\\/schema\\\/logo\\\/image\\\/\"},\"sameAs\":[\"https:\\\/\\\/www.facebook.com\\\/lesdoigtsquirevent\\\/\",\"https:\\\/\\\/x.com\\\/EditionsLDQR\"]},{\"@type\":\"Person\",\"@id\":\"https:\\\/\\\/flexpictureebook.eu\\\/#\\\/schema\\\/person\\\/f9251f8cb71ca84bd21480d17a511a29\",\"name\":\"LDQR\",\"image\":{\"@type\":\"ImageObject\",\"inLanguage\":\"it-IT\",\"@id\":\"https:\\\/\\\/secure.gravatar.com\\\/avatar\\\/6f265d7914a066944c69e581f371c57fe41641c84ea0f1f0aa56a84e14ccf131?s=96&d=mm&r=g\",\"url\":\"https:\\\/\\\/secure.gravatar.com\\\/avatar\\\/6f265d7914a066944c69e581f371c57fe41641c84ea0f1f0aa56a84e14ccf131?s=96&d=mm&r=g\",\"contentUrl\":\"https:\\\/\\\/secure.gravatar.com\\\/avatar\\\/6f265d7914a066944c69e581f371c57fe41641c84ea0f1f0aa56a84e14ccf131?s=96&d=mm&r=g\",\"caption\":\"LDQR\"},\"url\":\"https:\\\/\\\/flexpictureebook.eu\\\/it\\\/author\\\/ldqr-direction\\\/\"}]}<\/script>\n<!-- \/ Yoast SEO plugin. -->","yoast_head_json":{"title":"14a Conferenza internazionale \"Qualit\u00e0 della scuola e integrazione sociale\", organizzata dal Centro Studi Erickson (Trento), Rimini (Italia) - Flex Picture Ebook","description":"Depuis plus de 20 ans, le concours international de livres tactiles illustr\u00e9s, Typho&Tactus fait d\u00e9couvrir des maquettes tactiles du monde entier et est un lieu d'\u00e9changes et de partage incroyable. D\u00e9j\u00e0 21 pays participants! Artistes, enseignants, associations, rejoignez-nous !","robots":{"index":"index","follow":"follow","max-snippet":"max-snippet:-1","max-image-preview":"max-image-preview:large","max-video-preview":"max-video-preview:-1"},"canonical":"https:\/\/flexpictureebook.eu\/it\/2023\/12\/12\/14e-conference-internationale-la-qualite-de-lecole-et-lintegration-sociale-organisee-par-le-centre-detudes-erickson-trente-rimini-italie\/","og_locale":"it_IT","og_type":"article","og_title":"14a Conferenza internazionale \"Qualit\u00e0 della scuola e integrazione sociale\", organizzata dal Centro Studi Erickson (Trento), Rimini (Italia) - Flex Picture Ebook","og_description":"Depuis plus de 20 ans, le concours international de livres tactiles illustr\u00e9s, Typho&Tactus fait d\u00e9couvrir des maquettes tactiles du monde entier et est un lieu d'\u00e9changes et de partage incroyable. D\u00e9j\u00e0 21 pays participants! Artistes, enseignants, associations, rejoignez-nous !","og_url":"https:\/\/flexpictureebook.eu\/it\/2023\/12\/12\/14e-conference-internationale-la-qualite-de-lecole-et-lintegration-sociale-organisee-par-le-centre-detudes-erickson-trente-rimini-italie\/","og_site_name":"Flex Picture Ebook","article_publisher":"https:\/\/www.facebook.com\/lesdoigtsquirevent\/","article_published_time":"2023-12-12T15:10:41+00:00","article_modified_time":"2023-12-14T12:53:05+00:00","author":"LDQR","twitter_card":"summary_large_image","twitter_creator":"@EditionsLDQR","twitter_site":"@EditionsLDQR","twitter_misc":{"Scritto da":"LDQR","Tempo di lettura stimato":"2 minuti"},"schema":{"@context":"https:\/\/schema.org","@graph":[{"@type":"Article","@id":"https:\/\/flexpictureebook.eu\/it\/2023\/12\/12\/14e-conference-internationale-la-qualite-de-lecole-et-lintegration-sociale-organisee-par-le-centre-detudes-erickson-trente-rimini-italie\/#article","isPartOf":{"@id":"https:\/\/flexpictureebook.eu\/it\/2023\/12\/12\/14e-conference-internationale-la-qualite-de-lecole-et-lintegration-sociale-organisee-par-le-centre-detudes-erickson-trente-rimini-italie\/"},"author":{"name":"LDQR","@id":"https:\/\/flexpictureebook.eu\/#\/schema\/person\/f9251f8cb71ca84bd21480d17a511a29"},"headline":"14a Conferenza internazionale &#8220;Qualit\u00e0 della scuola e integrazione sociale&#8221;, organizzata dal Centro Studi Erickson (Trento), Rimini (Italia)","datePublished":"2023-12-12T15:10:41+00:00","dateModified":"2023-12-14T12:53:05+00:00","mainEntityOfPage":{"@id":"https:\/\/flexpictureebook.eu\/it\/2023\/12\/12\/14e-conference-internationale-la-qualite-de-lecole-et-lintegration-sociale-organisee-par-le-centre-detudes-erickson-trente-rimini-italie\/"},"wordCount":238,"publisher":{"@id":"https:\/\/flexpictureebook.eu\/#organization"},"keywords":["Workshop"],"articleSection":["Non categorizzato"],"inLanguage":"it-IT"},{"@type":"WebPage","@id":"https:\/\/flexpictureebook.eu\/it\/2023\/12\/12\/14e-conference-internationale-la-qualite-de-lecole-et-lintegration-sociale-organisee-par-le-centre-detudes-erickson-trente-rimini-italie\/","url":"https:\/\/flexpictureebook.eu\/it\/2023\/12\/12\/14e-conference-internationale-la-qualite-de-lecole-et-lintegration-sociale-organisee-par-le-centre-detudes-erickson-trente-rimini-italie\/","name":"14a Conferenza internazionale \"Qualit\u00e0 della scuola e integrazione sociale\", organizzata dal Centro Studi Erickson (Trento), Rimini (Italia) - Flex Picture Ebook","isPartOf":{"@id":"https:\/\/flexpictureebook.eu\/#website"},"datePublished":"2023-12-12T15:10:41+00:00","dateModified":"2023-12-14T12:53:05+00:00","description":"Depuis plus de 20 ans, le concours international de livres tactiles illustr\u00e9s, Typho&Tactus fait d\u00e9couvrir des maquettes tactiles du monde entier et est un lieu d'\u00e9changes et de partage incroyable. D\u00e9j\u00e0 21 pays participants! Artistes, enseignants, associations, rejoignez-nous !","breadcrumb":{"@id":"https:\/\/flexpictureebook.eu\/it\/2023\/12\/12\/14e-conference-internationale-la-qualite-de-lecole-et-lintegration-sociale-organisee-par-le-centre-detudes-erickson-trente-rimini-italie\/#breadcrumb"},"inLanguage":"it-IT","potentialAction":[{"@type":"ReadAction","target":["https:\/\/flexpictureebook.eu\/it\/2023\/12\/12\/14e-conference-internationale-la-qualite-de-lecole-et-lintegration-sociale-organisee-par-le-centre-detudes-erickson-trente-rimini-italie\/"]}]},{"@type":"BreadcrumbList","@id":"https:\/\/flexpictureebook.eu\/it\/2023\/12\/12\/14e-conference-internationale-la-qualite-de-lecole-et-lintegration-sociale-organisee-par-le-centre-detudes-erickson-trente-rimini-italie\/#breadcrumb","itemListElement":[{"@type":"ListItem","position":1,"name":"Accueil","item":"https:\/\/flexpictureebook.eu\/it\/"},{"@type":"ListItem","position":2,"name":"14a Conferenza internazionale \u00ab\u00a0Qualit\u00e0 della scuola e integrazione sociale\u00a0\u00bb, organizzata dal Centro Studi Erickson (Trento), Rimini (Italia)"}]},{"@type":"WebSite","@id":"https:\/\/flexpictureebook.eu\/#website","url":"https:\/\/flexpictureebook.eu\/","name":"Flex Picture Ebook","description":"Un livre num\u00e9rique pour un apprentissage inclusif","publisher":{"@id":"https:\/\/flexpictureebook.eu\/#organization"},"potentialAction":[{"@type":"SearchAction","target":{"@type":"EntryPoint","urlTemplate":"https:\/\/flexpictureebook.eu\/?s={search_term_string}"},"query-input":{"@type":"PropertyValueSpecification","valueRequired":true,"valueName":"search_term_string"}}],"inLanguage":"it-IT"},{"@type":"Organization","@id":"https:\/\/flexpictureebook.eu\/#organization","name":"Flex Picture Ebook","url":"https:\/\/flexpictureebook.eu\/","logo":{"@type":"ImageObject","inLanguage":"it-IT","@id":"https:\/\/flexpictureebook.eu\/#\/schema\/logo\/image\/","url":"https:\/\/flexpictureebook.eu\/wp-content\/uploads\/2023\/06\/cropped-cropped-logo-ebook-512.png","contentUrl":"https:\/\/flexpictureebook.eu\/wp-content\/uploads\/2023\/06\/cropped-cropped-logo-ebook-512.png","width":512,"height":282,"caption":"Flex Picture Ebook"},"image":{"@id":"https:\/\/flexpictureebook.eu\/#\/schema\/logo\/image\/"},"sameAs":["https:\/\/www.facebook.com\/lesdoigtsquirevent\/","https:\/\/x.com\/EditionsLDQR"]},{"@type":"Person","@id":"https:\/\/flexpictureebook.eu\/#\/schema\/person\/f9251f8cb71ca84bd21480d17a511a29","name":"LDQR","image":{"@type":"ImageObject","inLanguage":"it-IT","@id":"https:\/\/secure.gravatar.com\/avatar\/6f265d7914a066944c69e581f371c57fe41641c84ea0f1f0aa56a84e14ccf131?s=96&d=mm&r=g","url":"https:\/\/secure.gravatar.com\/avatar\/6f265d7914a066944c69e581f371c57fe41641c84ea0f1f0aa56a84e14ccf131?s=96&d=mm&r=g","contentUrl":"https:\/\/secure.gravatar.com\/avatar\/6f265d7914a066944c69e581f371c57fe41641c84ea0f1f0aa56a84e14ccf131?s=96&d=mm&r=g","caption":"LDQR"},"url":"https:\/\/flexpictureebook.eu\/it\/author\/ldqr-direction\/"}]}},"_links":{"self":[{"href":"https:\/\/flexpictureebook.eu\/it\/wp-json\/wp\/v2\/posts\/7370","targetHints":{"allow":["GET"]}}],"collection":[{"href":"https:\/\/flexpictureebook.eu\/it\/wp-json\/wp\/v2\/posts"}],"about":[{"href":"https:\/\/flexpictureebook.eu\/it\/wp-json\/wp\/v2\/types\/post"}],"author":[{"embeddable":true,"href":"https:\/\/flexpictureebook.eu\/it\/wp-json\/wp\/v2\/users\/8"}],"replies":[{"embeddable":true,"href":"https:\/\/flexpictureebook.eu\/it\/wp-json\/wp\/v2\/comments?post=7370"}],"version-history":[{"count":1,"href":"https:\/\/flexpictureebook.eu\/it\/wp-json\/wp\/v2\/posts\/7370\/revisions"}],"predecessor-version":[{"id":7371,"href":"https:\/\/flexpictureebook.eu\/it\/wp-json\/wp\/v2\/posts\/7370\/revisions\/7371"}],"wp:attachment":[{"href":"https:\/\/flexpictureebook.eu\/it\/wp-json\/wp\/v2\/media?parent=7370"}],"wp:term":[{"taxonomy":"category","embeddable":true,"href":"https:\/\/flexpictureebook.eu\/it\/wp-json\/wp\/v2\/categories?post=7370"},{"taxonomy":"post_tag","embeddable":true,"href":"https:\/\/flexpictureebook.eu\/it\/wp-json\/wp\/v2\/tags?post=7370"}],"curies":[{"name":"wp","href":"https:\/\/api.w.org\/{rel}","templated":true}]}}