{"id":7276,"date":"2023-12-12T17:01:51","date_gmt":"2023-12-12T16:01:51","guid":{"rendered":"https:\/\/flexpictureebook.eu\/2023\/12\/12\/conference-sur-la-didactique-speciale-et-lapprentissage-pour-les-handicaps-sensoriels-deficience-visuelle-donnee-par-e-polato-padova-italie-2\/"},"modified":"2023-12-14T10:00:06","modified_gmt":"2023-12-14T09:00:06","slug":"conference-sur-la-didactique-speciale-et-lapprentissage-pour-les-handicaps-sensoriels-deficience-visuelle-donnee-par-e-polato-padova-italie-2","status":"publish","type":"post","link":"https:\/\/flexpictureebook.eu\/de\/2023\/12\/12\/conference-sur-la-didactique-speciale-et-lapprentissage-pour-les-handicaps-sensoriels-deficience-visuelle-donnee-par-e-polato-padova-italie-2\/","title":{"rendered":"Vortrag \u00fcber &#8222;Sonderdidaktik und Lernen bei Sinnesbehinderungen &#8211; Sehbehinderung&#8220; von E. Polato, Padova (Italien)"},"content":{"rendered":"<p>Pr\u00e4sentation von Flex Picture Ebook.<\/p>\n<p>Foto der Lektion \u00fcber Sehbehinderung, gehalten von Enrica Polato w\u00e4hrend des TFA-Nachhilfekurses an der Universit\u00e4t Padua, Kanal A. Die 200 Studenten, die von hinten abgebildet sind, sitzen in zwei Reihen, die durch einen Gang getrennt sind. Am Ende des Ganges steht der Stuhl, auf dem Enrica Polato das Flex Picture E.Book-Projekt mithilfe von Dias vorstellt, die auf die Leinwand hinter ihr projiziert werden.<\/p>\n<p>Ausbildungskurs zur Erlangung der Spezialisierung auf Nachhilfeaktivit\u00e4ten f\u00fcr Sch\u00fcler mit Behinderungen, Studiengang A, Universit\u00e4t Padua.<\/p>\n<p>200 Auszubildende (Vorschul-, Grundschul-, Mittelschul- und Gymnasiallehrer), die f\u00fcr den Spezialisierungskurs zur Erlangung des Diploms f\u00fcr F\u00f6rderlehrer eingeschrieben sind.<\/p>\n<p>Universit\u00e4t Padua, Piovego Education Complex, Via Ugo Bassi, Klassenraum D.<\/p>\n","protected":false},"excerpt":{"rendered":"<p>Pr\u00e4sentation von Flex Picture Ebook. Foto der Lektion \u00fcber Sehbehinderung, gehalten von Enrica Polato w\u00e4hrend des TFA-Nachhilfekurses an der Universit\u00e4t Padua, Kanal A. Die 200 Studenten, die von hinten abgebildet sind, sitzen in zwei Reihen, die durch einen Gang getrennt sind. Am Ende des Ganges steht der Stuhl, auf dem Enrica Polato das Flex Picture [&hellip;]<\/p>\n","protected":false},"author":8,"featured_media":7497,"comment_status":"closed","ping_status":"closed","sticky":false,"template":"","format":"standard","meta":{"_acf_changed":false,"footnotes":""},"categories":[14],"tags":[11,56],"class_list":["post-7276","post","type-post","status-publish","format-standard","has-post-thumbnail","hentry","category-unkategorisiert","tag-conference","tag-konferenz","clearfix"],"acf":[],"yoast_head":"<!-- This site is optimized with the Yoast SEO plugin v27.5 - https:\/\/yoast.com\/product\/yoast-seo-wordpress\/ -->\n<title>Vortrag \u00fcber &quot;Sonderdidaktik und Lernen bei Sinnesbehinderungen - Sehbehinderung&quot; von E. Polato, Padova (Italien) - Flex Picture Ebook<\/title>\n<meta name=\"description\" content=\"Depuis plus de 20 ans, le concours international de livres tactiles illustr\u00e9s, Typho&amp;Tactus fait d\u00e9couvrir des maquettes tactiles du monde entier et est un lieu d&#039;\u00e9changes et de partage incroyable. D\u00e9j\u00e0 21 pays participants! Artistes, enseignants, associations, rejoignez-nous !\" \/>\n<meta name=\"robots\" content=\"index, follow, max-snippet:-1, max-image-preview:large, max-video-preview:-1\" \/>\n<link rel=\"canonical\" href=\"https:\/\/flexpictureebook.eu\/de\/2023\/12\/12\/conference-sur-la-didactique-speciale-et-lapprentissage-pour-les-handicaps-sensoriels-deficience-visuelle-donnee-par-e-polato-padova-italie-2\/\" \/>\n<meta property=\"og:locale\" content=\"de_DE\" \/>\n<meta property=\"og:type\" content=\"article\" \/>\n<meta property=\"og:title\" content=\"Vortrag \u00fcber &quot;Sonderdidaktik und Lernen bei Sinnesbehinderungen - Sehbehinderung&quot; von E. Polato, Padova (Italien) - Flex Picture Ebook\" \/>\n<meta property=\"og:description\" content=\"Depuis plus de 20 ans, le concours international de livres tactiles illustr\u00e9s, Typho&amp;Tactus fait d\u00e9couvrir des maquettes tactiles du monde entier et est un lieu d&#039;\u00e9changes et de partage incroyable. D\u00e9j\u00e0 21 pays participants! Artistes, enseignants, associations, rejoignez-nous !\" \/>\n<meta property=\"og:url\" content=\"https:\/\/flexpictureebook.eu\/de\/2023\/12\/12\/conference-sur-la-didactique-speciale-et-lapprentissage-pour-les-handicaps-sensoriels-deficience-visuelle-donnee-par-e-polato-padova-italie-2\/\" \/>\n<meta property=\"og:site_name\" content=\"Flex Picture Ebook\" \/>\n<meta property=\"article:publisher\" content=\"https:\/\/www.facebook.com\/lesdoigtsquirevent\/\" \/>\n<meta property=\"article:published_time\" content=\"2023-12-12T16:01:51+00:00\" \/>\n<meta property=\"article:modified_time\" content=\"2023-12-14T09:00:06+00:00\" \/>\n<meta name=\"author\" content=\"LDQR\" \/>\n<meta name=\"twitter:card\" content=\"summary_large_image\" \/>\n<meta name=\"twitter:creator\" content=\"@EditionsLDQR\" \/>\n<meta name=\"twitter:site\" content=\"@EditionsLDQR\" \/>\n<meta name=\"twitter:label1\" content=\"Verfasst von\" \/>\n\t<meta name=\"twitter:data1\" content=\"LDQR\" \/>\n\t<meta name=\"twitter:label2\" content=\"Gesch\u00e4tzte Lesezeit\" \/>\n\t<meta name=\"twitter:data2\" content=\"1\u00a0Minute\" \/>\n<script type=\"application\/ld+json\" class=\"yoast-schema-graph\">{\"@context\":\"https:\\\/\\\/schema.org\",\"@graph\":[{\"@type\":\"Article\",\"@id\":\"https:\\\/\\\/flexpictureebook.eu\\\/de\\\/2023\\\/12\\\/12\\\/conference-sur-la-didactique-speciale-et-lapprentissage-pour-les-handicaps-sensoriels-deficience-visuelle-donnee-par-e-polato-padova-italie-2\\\/#article\",\"isPartOf\":{\"@id\":\"https:\\\/\\\/flexpictureebook.eu\\\/de\\\/2023\\\/12\\\/12\\\/conference-sur-la-didactique-speciale-et-lapprentissage-pour-les-handicaps-sensoriels-deficience-visuelle-donnee-par-e-polato-padova-italie-2\\\/\"},\"author\":{\"name\":\"LDQR\",\"@id\":\"https:\\\/\\\/flexpictureebook.eu\\\/#\\\/schema\\\/person\\\/f9251f8cb71ca84bd21480d17a511a29\"},\"headline\":\"Vortrag \u00fcber &#8222;Sonderdidaktik und Lernen bei Sinnesbehinderungen &#8211; Sehbehinderung&#8220; von E. Polato, Padova (Italien)\",\"datePublished\":\"2023-12-12T16:01:51+00:00\",\"dateModified\":\"2023-12-14T09:00:06+00:00\",\"mainEntityOfPage\":{\"@id\":\"https:\\\/\\\/flexpictureebook.eu\\\/de\\\/2023\\\/12\\\/12\\\/conference-sur-la-didactique-speciale-et-lapprentissage-pour-les-handicaps-sensoriels-deficience-visuelle-donnee-par-e-polato-padova-italie-2\\\/\"},\"wordCount\":136,\"publisher\":{\"@id\":\"https:\\\/\\\/flexpictureebook.eu\\\/#organization\"},\"image\":{\"@id\":\"https:\\\/\\\/flexpictureebook.eu\\\/de\\\/2023\\\/12\\\/12\\\/conference-sur-la-didactique-speciale-et-lapprentissage-pour-les-handicaps-sensoriels-deficience-visuelle-donnee-par-e-polato-padova-italie-2\\\/#primaryimage\"},\"thumbnailUrl\":\"https:\\\/\\\/flexpictureebook.eu\\\/wp-content\\\/uploads\\\/2023\\\/12\\\/Ligne-9_2023-11-17_-Convegno-Erickson-Rimini-B-scaled.jpg\",\"keywords\":[\"Conf\u00e9rence\",\"Konferenz\"],\"articleSection\":[\"Unkategorisiert\"],\"inLanguage\":\"de\"},{\"@type\":\"WebPage\",\"@id\":\"https:\\\/\\\/flexpictureebook.eu\\\/de\\\/2023\\\/12\\\/12\\\/conference-sur-la-didactique-speciale-et-lapprentissage-pour-les-handicaps-sensoriels-deficience-visuelle-donnee-par-e-polato-padova-italie-2\\\/\",\"url\":\"https:\\\/\\\/flexpictureebook.eu\\\/de\\\/2023\\\/12\\\/12\\\/conference-sur-la-didactique-speciale-et-lapprentissage-pour-les-handicaps-sensoriels-deficience-visuelle-donnee-par-e-polato-padova-italie-2\\\/\",\"name\":\"Vortrag \u00fcber \\\"Sonderdidaktik und Lernen bei Sinnesbehinderungen - Sehbehinderung\\\" von E. Polato, Padova (Italien) - Flex Picture Ebook\",\"isPartOf\":{\"@id\":\"https:\\\/\\\/flexpictureebook.eu\\\/#website\"},\"primaryImageOfPage\":{\"@id\":\"https:\\\/\\\/flexpictureebook.eu\\\/de\\\/2023\\\/12\\\/12\\\/conference-sur-la-didactique-speciale-et-lapprentissage-pour-les-handicaps-sensoriels-deficience-visuelle-donnee-par-e-polato-padova-italie-2\\\/#primaryimage\"},\"image\":{\"@id\":\"https:\\\/\\\/flexpictureebook.eu\\\/de\\\/2023\\\/12\\\/12\\\/conference-sur-la-didactique-speciale-et-lapprentissage-pour-les-handicaps-sensoriels-deficience-visuelle-donnee-par-e-polato-padova-italie-2\\\/#primaryimage\"},\"thumbnailUrl\":\"https:\\\/\\\/flexpictureebook.eu\\\/wp-content\\\/uploads\\\/2023\\\/12\\\/Ligne-9_2023-11-17_-Convegno-Erickson-Rimini-B-scaled.jpg\",\"datePublished\":\"2023-12-12T16:01:51+00:00\",\"dateModified\":\"2023-12-14T09:00:06+00:00\",\"description\":\"Depuis plus de 20 ans, le concours international de livres tactiles illustr\u00e9s, Typho&Tactus fait d\u00e9couvrir des maquettes tactiles du monde entier et est un lieu d'\u00e9changes et de partage incroyable. D\u00e9j\u00e0 21 pays participants! Artistes, enseignants, associations, rejoignez-nous !\",\"breadcrumb\":{\"@id\":\"https:\\\/\\\/flexpictureebook.eu\\\/de\\\/2023\\\/12\\\/12\\\/conference-sur-la-didactique-speciale-et-lapprentissage-pour-les-handicaps-sensoriels-deficience-visuelle-donnee-par-e-polato-padova-italie-2\\\/#breadcrumb\"},\"inLanguage\":\"de\",\"potentialAction\":[{\"@type\":\"ReadAction\",\"target\":[\"https:\\\/\\\/flexpictureebook.eu\\\/de\\\/2023\\\/12\\\/12\\\/conference-sur-la-didactique-speciale-et-lapprentissage-pour-les-handicaps-sensoriels-deficience-visuelle-donnee-par-e-polato-padova-italie-2\\\/\"]}]},{\"@type\":\"ImageObject\",\"inLanguage\":\"de\",\"@id\":\"https:\\\/\\\/flexpictureebook.eu\\\/de\\\/2023\\\/12\\\/12\\\/conference-sur-la-didactique-speciale-et-lapprentissage-pour-les-handicaps-sensoriels-deficience-visuelle-donnee-par-e-polato-padova-italie-2\\\/#primaryimage\",\"url\":\"https:\\\/\\\/flexpictureebook.eu\\\/wp-content\\\/uploads\\\/2023\\\/12\\\/Ligne-9_2023-11-17_-Convegno-Erickson-Rimini-B-scaled.jpg\",\"contentUrl\":\"https:\\\/\\\/flexpictureebook.eu\\\/wp-content\\\/uploads\\\/2023\\\/12\\\/Ligne-9_2023-11-17_-Convegno-Erickson-Rimini-B-scaled.jpg\",\"width\":1920,\"height\":2560,\"caption\":\"La Dott.ssa Roberta Zumiani e la Dott.ssa Enrica Polato davanti a un enorme pannello che riporta una grande \\\"Q\\\", simbolo del Convegno \\\"La Qualit\u00e0 dell'inclusione scolastica e sociale\\\" e tutti i nomi dei partecipanti.\"},{\"@type\":\"BreadcrumbList\",\"@id\":\"https:\\\/\\\/flexpictureebook.eu\\\/de\\\/2023\\\/12\\\/12\\\/conference-sur-la-didactique-speciale-et-lapprentissage-pour-les-handicaps-sensoriels-deficience-visuelle-donnee-par-e-polato-padova-italie-2\\\/#breadcrumb\",\"itemListElement\":[{\"@type\":\"ListItem\",\"position\":1,\"name\":\"Accueil\",\"item\":\"https:\\\/\\\/flexpictureebook.eu\\\/de\\\/\"},{\"@type\":\"ListItem\",\"position\":2,\"name\":\"Vortrag \u00fcber \u00ab\u00a0Sonderdidaktik und Lernen bei Sinnesbehinderungen &#8211; Sehbehinderung\u00a0\u00bb von E. Polato, Padova (Italien)\"}]},{\"@type\":\"WebSite\",\"@id\":\"https:\\\/\\\/flexpictureebook.eu\\\/#website\",\"url\":\"https:\\\/\\\/flexpictureebook.eu\\\/\",\"name\":\"Flex Picture Ebook\",\"description\":\"Un livre num\u00e9rique pour un apprentissage inclusif\",\"publisher\":{\"@id\":\"https:\\\/\\\/flexpictureebook.eu\\\/#organization\"},\"potentialAction\":[{\"@type\":\"SearchAction\",\"target\":{\"@type\":\"EntryPoint\",\"urlTemplate\":\"https:\\\/\\\/flexpictureebook.eu\\\/?s={search_term_string}\"},\"query-input\":{\"@type\":\"PropertyValueSpecification\",\"valueRequired\":true,\"valueName\":\"search_term_string\"}}],\"inLanguage\":\"de\"},{\"@type\":\"Organization\",\"@id\":\"https:\\\/\\\/flexpictureebook.eu\\\/#organization\",\"name\":\"Flex Picture Ebook\",\"url\":\"https:\\\/\\\/flexpictureebook.eu\\\/\",\"logo\":{\"@type\":\"ImageObject\",\"inLanguage\":\"de\",\"@id\":\"https:\\\/\\\/flexpictureebook.eu\\\/#\\\/schema\\\/logo\\\/image\\\/\",\"url\":\"https:\\\/\\\/flexpictureebook.eu\\\/wp-content\\\/uploads\\\/2023\\\/06\\\/cropped-cropped-logo-ebook-512.png\",\"contentUrl\":\"https:\\\/\\\/flexpictureebook.eu\\\/wp-content\\\/uploads\\\/2023\\\/06\\\/cropped-cropped-logo-ebook-512.png\",\"width\":512,\"height\":282,\"caption\":\"Flex Picture Ebook\"},\"image\":{\"@id\":\"https:\\\/\\\/flexpictureebook.eu\\\/#\\\/schema\\\/logo\\\/image\\\/\"},\"sameAs\":[\"https:\\\/\\\/www.facebook.com\\\/lesdoigtsquirevent\\\/\",\"https:\\\/\\\/x.com\\\/EditionsLDQR\"]},{\"@type\":\"Person\",\"@id\":\"https:\\\/\\\/flexpictureebook.eu\\\/#\\\/schema\\\/person\\\/f9251f8cb71ca84bd21480d17a511a29\",\"name\":\"LDQR\",\"image\":{\"@type\":\"ImageObject\",\"inLanguage\":\"de\",\"@id\":\"https:\\\/\\\/secure.gravatar.com\\\/avatar\\\/6f265d7914a066944c69e581f371c57fe41641c84ea0f1f0aa56a84e14ccf131?s=96&d=mm&r=g\",\"url\":\"https:\\\/\\\/secure.gravatar.com\\\/avatar\\\/6f265d7914a066944c69e581f371c57fe41641c84ea0f1f0aa56a84e14ccf131?s=96&d=mm&r=g\",\"contentUrl\":\"https:\\\/\\\/secure.gravatar.com\\\/avatar\\\/6f265d7914a066944c69e581f371c57fe41641c84ea0f1f0aa56a84e14ccf131?s=96&d=mm&r=g\",\"caption\":\"LDQR\"},\"url\":\"https:\\\/\\\/flexpictureebook.eu\\\/de\\\/author\\\/ldqr-direction\\\/\"}]}<\/script>\n<!-- \/ Yoast SEO plugin. -->","yoast_head_json":{"title":"Vortrag \u00fcber \"Sonderdidaktik und Lernen bei Sinnesbehinderungen - Sehbehinderung\" von E. Polato, Padova (Italien) - Flex Picture Ebook","description":"Depuis plus de 20 ans, le concours international de livres tactiles illustr\u00e9s, Typho&Tactus fait d\u00e9couvrir des maquettes tactiles du monde entier et est un lieu d'\u00e9changes et de partage incroyable. D\u00e9j\u00e0 21 pays participants! Artistes, enseignants, associations, rejoignez-nous !","robots":{"index":"index","follow":"follow","max-snippet":"max-snippet:-1","max-image-preview":"max-image-preview:large","max-video-preview":"max-video-preview:-1"},"canonical":"https:\/\/flexpictureebook.eu\/de\/2023\/12\/12\/conference-sur-la-didactique-speciale-et-lapprentissage-pour-les-handicaps-sensoriels-deficience-visuelle-donnee-par-e-polato-padova-italie-2\/","og_locale":"de_DE","og_type":"article","og_title":"Vortrag \u00fcber \"Sonderdidaktik und Lernen bei Sinnesbehinderungen - Sehbehinderung\" von E. Polato, Padova (Italien) - Flex Picture Ebook","og_description":"Depuis plus de 20 ans, le concours international de livres tactiles illustr\u00e9s, Typho&Tactus fait d\u00e9couvrir des maquettes tactiles du monde entier et est un lieu d'\u00e9changes et de partage incroyable. D\u00e9j\u00e0 21 pays participants! Artistes, enseignants, associations, rejoignez-nous !","og_url":"https:\/\/flexpictureebook.eu\/de\/2023\/12\/12\/conference-sur-la-didactique-speciale-et-lapprentissage-pour-les-handicaps-sensoriels-deficience-visuelle-donnee-par-e-polato-padova-italie-2\/","og_site_name":"Flex Picture Ebook","article_publisher":"https:\/\/www.facebook.com\/lesdoigtsquirevent\/","article_published_time":"2023-12-12T16:01:51+00:00","article_modified_time":"2023-12-14T09:00:06+00:00","author":"LDQR","twitter_card":"summary_large_image","twitter_creator":"@EditionsLDQR","twitter_site":"@EditionsLDQR","twitter_misc":{"Verfasst von":"LDQR","Gesch\u00e4tzte Lesezeit":"1\u00a0Minute"},"schema":{"@context":"https:\/\/schema.org","@graph":[{"@type":"Article","@id":"https:\/\/flexpictureebook.eu\/de\/2023\/12\/12\/conference-sur-la-didactique-speciale-et-lapprentissage-pour-les-handicaps-sensoriels-deficience-visuelle-donnee-par-e-polato-padova-italie-2\/#article","isPartOf":{"@id":"https:\/\/flexpictureebook.eu\/de\/2023\/12\/12\/conference-sur-la-didactique-speciale-et-lapprentissage-pour-les-handicaps-sensoriels-deficience-visuelle-donnee-par-e-polato-padova-italie-2\/"},"author":{"name":"LDQR","@id":"https:\/\/flexpictureebook.eu\/#\/schema\/person\/f9251f8cb71ca84bd21480d17a511a29"},"headline":"Vortrag \u00fcber &#8222;Sonderdidaktik und Lernen bei Sinnesbehinderungen &#8211; Sehbehinderung&#8220; von E. Polato, Padova (Italien)","datePublished":"2023-12-12T16:01:51+00:00","dateModified":"2023-12-14T09:00:06+00:00","mainEntityOfPage":{"@id":"https:\/\/flexpictureebook.eu\/de\/2023\/12\/12\/conference-sur-la-didactique-speciale-et-lapprentissage-pour-les-handicaps-sensoriels-deficience-visuelle-donnee-par-e-polato-padova-italie-2\/"},"wordCount":136,"publisher":{"@id":"https:\/\/flexpictureebook.eu\/#organization"},"image":{"@id":"https:\/\/flexpictureebook.eu\/de\/2023\/12\/12\/conference-sur-la-didactique-speciale-et-lapprentissage-pour-les-handicaps-sensoriels-deficience-visuelle-donnee-par-e-polato-padova-italie-2\/#primaryimage"},"thumbnailUrl":"https:\/\/flexpictureebook.eu\/wp-content\/uploads\/2023\/12\/Ligne-9_2023-11-17_-Convegno-Erickson-Rimini-B-scaled.jpg","keywords":["Conf\u00e9rence","Konferenz"],"articleSection":["Unkategorisiert"],"inLanguage":"de"},{"@type":"WebPage","@id":"https:\/\/flexpictureebook.eu\/de\/2023\/12\/12\/conference-sur-la-didactique-speciale-et-lapprentissage-pour-les-handicaps-sensoriels-deficience-visuelle-donnee-par-e-polato-padova-italie-2\/","url":"https:\/\/flexpictureebook.eu\/de\/2023\/12\/12\/conference-sur-la-didactique-speciale-et-lapprentissage-pour-les-handicaps-sensoriels-deficience-visuelle-donnee-par-e-polato-padova-italie-2\/","name":"Vortrag \u00fcber \"Sonderdidaktik und Lernen bei Sinnesbehinderungen - Sehbehinderung\" von E. Polato, Padova (Italien) - Flex Picture Ebook","isPartOf":{"@id":"https:\/\/flexpictureebook.eu\/#website"},"primaryImageOfPage":{"@id":"https:\/\/flexpictureebook.eu\/de\/2023\/12\/12\/conference-sur-la-didactique-speciale-et-lapprentissage-pour-les-handicaps-sensoriels-deficience-visuelle-donnee-par-e-polato-padova-italie-2\/#primaryimage"},"image":{"@id":"https:\/\/flexpictureebook.eu\/de\/2023\/12\/12\/conference-sur-la-didactique-speciale-et-lapprentissage-pour-les-handicaps-sensoriels-deficience-visuelle-donnee-par-e-polato-padova-italie-2\/#primaryimage"},"thumbnailUrl":"https:\/\/flexpictureebook.eu\/wp-content\/uploads\/2023\/12\/Ligne-9_2023-11-17_-Convegno-Erickson-Rimini-B-scaled.jpg","datePublished":"2023-12-12T16:01:51+00:00","dateModified":"2023-12-14T09:00:06+00:00","description":"Depuis plus de 20 ans, le concours international de livres tactiles illustr\u00e9s, Typho&Tactus fait d\u00e9couvrir des maquettes tactiles du monde entier et est un lieu d'\u00e9changes et de partage incroyable. D\u00e9j\u00e0 21 pays participants! Artistes, enseignants, associations, rejoignez-nous !","breadcrumb":{"@id":"https:\/\/flexpictureebook.eu\/de\/2023\/12\/12\/conference-sur-la-didactique-speciale-et-lapprentissage-pour-les-handicaps-sensoriels-deficience-visuelle-donnee-par-e-polato-padova-italie-2\/#breadcrumb"},"inLanguage":"de","potentialAction":[{"@type":"ReadAction","target":["https:\/\/flexpictureebook.eu\/de\/2023\/12\/12\/conference-sur-la-didactique-speciale-et-lapprentissage-pour-les-handicaps-sensoriels-deficience-visuelle-donnee-par-e-polato-padova-italie-2\/"]}]},{"@type":"ImageObject","inLanguage":"de","@id":"https:\/\/flexpictureebook.eu\/de\/2023\/12\/12\/conference-sur-la-didactique-speciale-et-lapprentissage-pour-les-handicaps-sensoriels-deficience-visuelle-donnee-par-e-polato-padova-italie-2\/#primaryimage","url":"https:\/\/flexpictureebook.eu\/wp-content\/uploads\/2023\/12\/Ligne-9_2023-11-17_-Convegno-Erickson-Rimini-B-scaled.jpg","contentUrl":"https:\/\/flexpictureebook.eu\/wp-content\/uploads\/2023\/12\/Ligne-9_2023-11-17_-Convegno-Erickson-Rimini-B-scaled.jpg","width":1920,"height":2560,"caption":"La Dott.ssa Roberta Zumiani e la Dott.ssa Enrica Polato davanti a un enorme pannello che riporta una grande \"Q\", simbolo del Convegno \"La Qualit\u00e0 dell'inclusione scolastica e sociale\" e tutti i nomi dei partecipanti."},{"@type":"BreadcrumbList","@id":"https:\/\/flexpictureebook.eu\/de\/2023\/12\/12\/conference-sur-la-didactique-speciale-et-lapprentissage-pour-les-handicaps-sensoriels-deficience-visuelle-donnee-par-e-polato-padova-italie-2\/#breadcrumb","itemListElement":[{"@type":"ListItem","position":1,"name":"Accueil","item":"https:\/\/flexpictureebook.eu\/de\/"},{"@type":"ListItem","position":2,"name":"Vortrag \u00fcber \u00ab\u00a0Sonderdidaktik und Lernen bei Sinnesbehinderungen &#8211; Sehbehinderung\u00a0\u00bb von E. Polato, Padova (Italien)"}]},{"@type":"WebSite","@id":"https:\/\/flexpictureebook.eu\/#website","url":"https:\/\/flexpictureebook.eu\/","name":"Flex Picture Ebook","description":"Un livre num\u00e9rique pour un apprentissage inclusif","publisher":{"@id":"https:\/\/flexpictureebook.eu\/#organization"},"potentialAction":[{"@type":"SearchAction","target":{"@type":"EntryPoint","urlTemplate":"https:\/\/flexpictureebook.eu\/?s={search_term_string}"},"query-input":{"@type":"PropertyValueSpecification","valueRequired":true,"valueName":"search_term_string"}}],"inLanguage":"de"},{"@type":"Organization","@id":"https:\/\/flexpictureebook.eu\/#organization","name":"Flex Picture Ebook","url":"https:\/\/flexpictureebook.eu\/","logo":{"@type":"ImageObject","inLanguage":"de","@id":"https:\/\/flexpictureebook.eu\/#\/schema\/logo\/image\/","url":"https:\/\/flexpictureebook.eu\/wp-content\/uploads\/2023\/06\/cropped-cropped-logo-ebook-512.png","contentUrl":"https:\/\/flexpictureebook.eu\/wp-content\/uploads\/2023\/06\/cropped-cropped-logo-ebook-512.png","width":512,"height":282,"caption":"Flex Picture Ebook"},"image":{"@id":"https:\/\/flexpictureebook.eu\/#\/schema\/logo\/image\/"},"sameAs":["https:\/\/www.facebook.com\/lesdoigtsquirevent\/","https:\/\/x.com\/EditionsLDQR"]},{"@type":"Person","@id":"https:\/\/flexpictureebook.eu\/#\/schema\/person\/f9251f8cb71ca84bd21480d17a511a29","name":"LDQR","image":{"@type":"ImageObject","inLanguage":"de","@id":"https:\/\/secure.gravatar.com\/avatar\/6f265d7914a066944c69e581f371c57fe41641c84ea0f1f0aa56a84e14ccf131?s=96&d=mm&r=g","url":"https:\/\/secure.gravatar.com\/avatar\/6f265d7914a066944c69e581f371c57fe41641c84ea0f1f0aa56a84e14ccf131?s=96&d=mm&r=g","contentUrl":"https:\/\/secure.gravatar.com\/avatar\/6f265d7914a066944c69e581f371c57fe41641c84ea0f1f0aa56a84e14ccf131?s=96&d=mm&r=g","caption":"LDQR"},"url":"https:\/\/flexpictureebook.eu\/de\/author\/ldqr-direction\/"}]}},"_links":{"self":[{"href":"https:\/\/flexpictureebook.eu\/de\/wp-json\/wp\/v2\/posts\/7276","targetHints":{"allow":["GET"]}}],"collection":[{"href":"https:\/\/flexpictureebook.eu\/de\/wp-json\/wp\/v2\/posts"}],"about":[{"href":"https:\/\/flexpictureebook.eu\/de\/wp-json\/wp\/v2\/types\/post"}],"author":[{"embeddable":true,"href":"https:\/\/flexpictureebook.eu\/de\/wp-json\/wp\/v2\/users\/8"}],"replies":[{"embeddable":true,"href":"https:\/\/flexpictureebook.eu\/de\/wp-json\/wp\/v2\/comments?post=7276"}],"version-history":[{"count":2,"href":"https:\/\/flexpictureebook.eu\/de\/wp-json\/wp\/v2\/posts\/7276\/revisions"}],"predecessor-version":[{"id":7278,"href":"https:\/\/flexpictureebook.eu\/de\/wp-json\/wp\/v2\/posts\/7276\/revisions\/7278"}],"wp:featuredmedia":[{"embeddable":true,"href":"https:\/\/flexpictureebook.eu\/de\/wp-json\/wp\/v2\/media\/7497"}],"wp:attachment":[{"href":"https:\/\/flexpictureebook.eu\/de\/wp-json\/wp\/v2\/media?parent=7276"}],"wp:term":[{"taxonomy":"category","embeddable":true,"href":"https:\/\/flexpictureebook.eu\/de\/wp-json\/wp\/v2\/categories?post=7276"},{"taxonomy":"post_tag","embeddable":true,"href":"https:\/\/flexpictureebook.eu\/de\/wp-json\/wp\/v2\/tags?post=7276"}],"curies":[{"name":"wp","href":"https:\/\/api.w.org\/{rel}","templated":true}]}}